{"id":5958,"global_id":"www.arecibo.pr\/en?id=5958","global_id_lineage":["www.arecibo.pr\/en?id=5958"],"author":"1","status":"publish","date":"2026-03-10 18:08:21","date_utc":"2026-03-10 18:08:21","modified":"2026-03-10 18:19:27","modified_utc":"2026-03-10 18:19:27","url":"https:\/\/www.arecibo.pr\/en\/eventos\/gran-reinauguracion-del-dispensario-del-barrio-santana\/","rest_url":"https:\/\/www.arecibo.pr\/en\/wp-json\/tribe\/events\/v1\/events\/5958","title":"Gran Reinauguraci\u00f3n del Dispensario del Barrio Santana","description":"<p data-start=\"816\" data-end=\"1039\">El Municipio Aut\u00f3nomo de Arecibo y su alcalde, Hon. Carlos R. Ram\u00edrez Irizarry, en coordinaci\u00f3n con el Departamento de Acci\u00f3n Comunal, invitan a toda la comunidad a la gran reinauguraci\u00f3n del Dispensario del Barrio Santana.<\/p>\n<p data-start=\"1041\" data-end=\"1225\">Este evento tiene como prop\u00f3sito celebrar la reapertura de estas instalaciones de salud y reafirmar el compromiso del municipio con el bienestar y la calidad de vida de los ciudadanos.<\/p>\n<p data-start=\"1227\" data-end=\"1365\">\ud83d\udcc5 <strong data-start=\"1230\" data-end=\"1240\">Fecha:<\/strong> Mi\u00e9rcoles, 18 de marzo de 2026<br data-start=\"1271\" data-end=\"1274\" \/>\ud83d\udd58 <strong data-start=\"1277\" data-end=\"1286\">Hora:<\/strong> 9:00 a.m. \u2013 12:00 p.m.<br data-start=\"1309\" data-end=\"1312\" \/>\ud83d\udccd <strong data-start=\"1315\" data-end=\"1325\">Lugar:<\/strong> Dispensario del Barrio Santana, Arecibo<\/p>\n<p data-start=\"1367\" data-end=\"1442\">El Municipio de Arecibo reafirma que <strong data-start=\"1404\" data-end=\"1441\">la salud de su gente es prioridad<\/strong>.<\/p>","excerpt":"","slug":"gran-reinauguracion-del-dispensario-del-barrio-santana","image":{"url":"https:\/\/www.arecibo.pr\/wp-content\/uploads\/2026\/03\/646204916_1282122514034311_442958627584295321_n.jpg","id":5959,"extension":"jpg","width":526,"height":638,"filesize":51135,"sizes":{"medium":{"width":247,"height":300,"mime-type":"image\/jpeg","filesize":16596,"url":"https:\/\/www.arecibo.pr\/wp-content\/uploads\/2026\/03\/646204916_1282122514034311_442958627584295321_n-247x300.jpg"},"thumbnail":{"width":150,"height":150,"mime-type":"image\/jpeg","filesize":6700,"url":"https:\/\/www.arecibo.pr\/wp-content\/uploads\/2026\/03\/646204916_1282122514034311_442958627584295321_n-150x150.jpg"},"trp-custom-language-flag":{"width":10,"height":12,"mime-type":"image\/jpeg","filesize":504,"url":"https:\/\/www.arecibo.pr\/wp-content\/uploads\/2026\/03\/646204916_1282122514034311_442958627584295321_n-10x12.jpg"}}},"all_day":false,"start_date":"2026-03-18 09:00:00","start_date_details":{"year":"2026","month":"03","day":"18","hour":"09","minutes":"00","seconds":"00"},"end_date":"2026-03-18 12:00:00","end_date_details":{"year":"2026","month":"03","day":"18","hour":"12","minutes":"00","seconds":"00"},"utc_start_date":"2026-03-18 09:00:00","utc_start_date_details":{"year":"2026","month":"03","day":"18","hour":"09","minutes":"00","seconds":"00"},"utc_end_date":"2026-03-18 12:00:00","utc_end_date_details":{"year":"2026","month":"03","day":"18","hour":"12","minutes":"00","seconds":"00"},"timezone":"UTC+0","timezone_abbr":"UTC+0","cost":"","cost_details":{"currency_symbol":"$","currency_code":"USD","currency_position":"prefix","values":[]},"website":"","show_map":true,"show_map_link":true,"hide_from_listings":false,"sticky":false,"featured":false,"categories":[],"tags":[],"venue":[],"organizer":[],"custom_fields":[],"json_ld":{"@context":"http:\/\/schema.org","@type":"Event","name":"Gran Reinauguraci\u00f3n del Dispensario del Barrio Santana","description":"&lt;p&gt;El Municipio Aut\u00f3nomo de Arecibo y su alcalde, Hon. Carlos R. Ram\u00edrez Irizarry, en coordinaci\u00f3n con el Departamento de Acci\u00f3n Comunal, invitan a toda la comunidad a la gran reinauguraci\u00f3n [&hellip;]&lt;\/p&gt;\\n","image":"https:\/\/www.arecibo.pr\/wp-content\/uploads\/2026\/03\/646204916_1282122514034311_442958627584295321_n.jpg","url":"https:\/\/www.arecibo.pr\/en\/eventos\/gran-reinauguracion-del-dispensario-del-barrio-santana\/","eventAttendanceMode":"https:\/\/schema.org\/OfflineEventAttendanceMode","eventStatus":"https:\/\/schema.org\/EventScheduled","startDate":"2026-03-18T09:00:00+00:00","endDate":"2026-03-18T12:00:00+00:00","performer":"Organization"}}